{"id":194,"date":"2021-03-14T18:44:20","date_gmt":"2021-03-14T16:44:20","guid":{"rendered":"https:\/\/www.culturalvila-seca.cat\/esbart\/?post_type=noticia&#038;p=194"},"modified":"2021-03-14T18:44:21","modified_gmt":"2021-03-14T16:44:21","slug":"lesbart-torna-als-assajos","status":"publish","type":"noticia","link":"https:\/\/www.culturalvila-seca.cat\/esbart\/actualitat\/lesbart-torna-als-assajos\/","title":{"rendered":"L&#8217;esbart torna als assajos"},"content":{"rendered":"\n<p>Despr\u00e9s de mesos d&#8217;aturada, les seccions infantil i juvenil han tornat als assajos al centre c\u00edvic de la Foemiga. En grups de 6, amb les mesures de seguretat per\u00f2 amb molta Il\u00b7lusi\u00f3 per aprendre balls nous aquesta temporada! Si voleu apuntar-vos, contacteu amb els membres de la junta!<\/p>\n\n\n\n<figure class=\"wp-block-image size-large\"><img loading=\"lazy\" decoding=\"async\" width=\"1024\" height=\"768\" src=\"https:\/\/www.culturalvila-seca.cat\/esbart\/wp-content\/uploads\/sites\/9\/2021\/03\/20210307_121531-1024x768.jpg\" alt=\"\" class=\"wp-image-195\" srcset=\"https:\/\/www.culturalvila-seca.cat\/esbart\/wp-content\/uploads\/sites\/9\/2021\/03\/20210307_121531-1024x768.jpg 1024w, https:\/\/www.culturalvila-seca.cat\/esbart\/wp-content\/uploads\/sites\/9\/2021\/03\/20210307_121531-300x225.jpg 300w, https:\/\/www.culturalvila-seca.cat\/esbart\/wp-content\/uploads\/sites\/9\/2021\/03\/20210307_121531-768x576.jpg 768w, https:\/\/www.culturalvila-seca.cat\/esbart\/wp-content\/uploads\/sites\/9\/2021\/03\/20210307_121531-1536x1152.jpg 1536w, https:\/\/www.culturalvila-seca.cat\/esbart\/wp-content\/uploads\/sites\/9\/2021\/03\/20210307_121531-2048x1536.jpg 2048w\" sizes=\"auto, (max-width: 1024px) 100vw, 1024px\" \/><figcaption>fotografia cedida per David Melero <\/figcaption><\/figure>\n","protected":false},"featured_media":0,"template":"","class_list":["post-194","noticia","type-noticia","status-publish","hentry"],"acf":[],"_links":{"self":[{"href":"https:\/\/www.culturalvila-seca.cat\/esbart\/wp-json\/wp\/v2\/noticia\/194","targetHints":{"allow":["GET"]}}],"collection":[{"href":"https:\/\/www.culturalvila-seca.cat\/esbart\/wp-json\/wp\/v2\/noticia"}],"about":[{"href":"https:\/\/www.culturalvila-seca.cat\/esbart\/wp-json\/wp\/v2\/types\/noticia"}],"wp:attachment":[{"href":"https:\/\/www.culturalvila-seca.cat\/esbart\/wp-json\/wp\/v2\/media?parent=194"}],"curies":[{"name":"wp","href":"https:\/\/api.w.org\/{rel}","templated":true}]}}