{"id":361,"date":"2023-07-17T14:31:45","date_gmt":"2023-07-17T12:31:45","guid":{"rendered":"https:\/\/www.culturalvila-seca.cat\/esbart\/?post_type=noticia&#038;p=361"},"modified":"2023-07-17T14:31:46","modified_gmt":"2023-07-17T12:31:46","slug":"lesbart-porta-les-danses-del-seguici-a-la-pineda","status":"publish","type":"noticia","link":"https:\/\/www.culturalvila-seca.cat\/esbart\/actualitat\/lesbart-porta-les-danses-del-seguici-a-la-pineda\/","title":{"rendered":"L&#8217;esbart porta les danses del seguici a la Pineda"},"content":{"rendered":"\n<p>El proper diumenge 23 de juliol a partir de les 19h l&#8217;esbart interpretar\u00e0 el patatuf, gitanes, cercolets, bastons I valencians a la Pla\u00e7a de l&#8217;estany a la Pineda, on actuar\u00e0 amb altres entitats del nostre municipi.<\/p>\n","protected":false},"featured_media":362,"template":"","class_list":["post-361","noticia","type-noticia","status-publish","has-post-thumbnail","hentry"],"acf":[],"_links":{"self":[{"href":"https:\/\/www.culturalvila-seca.cat\/esbart\/wp-json\/wp\/v2\/noticia\/361","targetHints":{"allow":["GET"]}}],"collection":[{"href":"https:\/\/www.culturalvila-seca.cat\/esbart\/wp-json\/wp\/v2\/noticia"}],"about":[{"href":"https:\/\/www.culturalvila-seca.cat\/esbart\/wp-json\/wp\/v2\/types\/noticia"}],"wp:featuredmedia":[{"embeddable":true,"href":"https:\/\/www.culturalvila-seca.cat\/esbart\/wp-json\/wp\/v2\/media\/362"}],"wp:attachment":[{"href":"https:\/\/www.culturalvila-seca.cat\/esbart\/wp-json\/wp\/v2\/media?parent=361"}],"curies":[{"name":"wp","href":"https:\/\/api.w.org\/{rel}","templated":true}]}}