{"id":417,"date":"2025-01-08T09:36:18","date_gmt":"2025-01-08T07:36:18","guid":{"rendered":"https:\/\/www.culturalvila-seca.cat\/esbart\/?post_type=noticia&#038;p=417"},"modified":"2025-01-08T09:36:19","modified_gmt":"2025-01-08T07:36:19","slug":"presentacio-del-ball-de-pastorets","status":"publish","type":"noticia","link":"https:\/\/www.culturalvila-seca.cat\/esbart\/actualitat\/presentacio-del-ball-de-pastorets\/","title":{"rendered":"Presentaci\u00f3 del Ball de Pastorets"},"content":{"rendered":"\n<p>El proper dissabte, 11 de gener, a les 12h l&#8217;esbart presentar\u00e0 un nou ball del seguici tradicional de Vila-seca: el ball de pastorets. Us esperem a les 12h a la pla\u00e7a d&#8217;Estudi on la resta dels balls tamb\u00e9 actuaran per acompanyar aquest nou element. Tamb\u00e9 comptarem amb el Ball de pastorets de Salou, padrins dels nostres pastorets! Aquest ball tamb\u00e9 s&#8217;inspira en el seguici que acoll\u00ed les rel\u00edquies de Sant Bernat Calv\u00f3 el 1775.<\/p>\n\n\n\n<figure class=\"wp-block-gallery has-nested-images columns-default is-cropped wp-block-gallery-1 is-layout-flex wp-block-gallery-is-layout-flex\">\n<figure class=\"wp-block-image size-large\"><img loading=\"lazy\" decoding=\"async\" width=\"1024\" height=\"1024\" data-id=\"418\" src=\"https:\/\/www.culturalvila-seca.cat\/esbart\/wp-content\/uploads\/sites\/9\/2025\/01\/WhatsApp-Image-2025-01-03-at-11.15.09-3-1024x1024.jpeg\" alt=\"\" class=\"wp-image-418\" srcset=\"https:\/\/www.culturalvila-seca.cat\/esbart\/wp-content\/uploads\/sites\/9\/2025\/01\/WhatsApp-Image-2025-01-03-at-11.15.09-3-1024x1024.jpeg 1024w, https:\/\/www.culturalvila-seca.cat\/esbart\/wp-content\/uploads\/sites\/9\/2025\/01\/WhatsApp-Image-2025-01-03-at-11.15.09-3-300x300.jpeg 300w, https:\/\/www.culturalvila-seca.cat\/esbart\/wp-content\/uploads\/sites\/9\/2025\/01\/WhatsApp-Image-2025-01-03-at-11.15.09-3-150x150.jpeg 150w, https:\/\/www.culturalvila-seca.cat\/esbart\/wp-content\/uploads\/sites\/9\/2025\/01\/WhatsApp-Image-2025-01-03-at-11.15.09-3-768x768.jpeg 768w, https:\/\/www.culturalvila-seca.cat\/esbart\/wp-content\/uploads\/sites\/9\/2025\/01\/WhatsApp-Image-2025-01-03-at-11.15.09-3.jpeg 1080w\" sizes=\"auto, (max-width: 1024px) 100vw, 1024px\" \/><\/figure>\n\n\n\n<figure class=\"wp-block-image size-large\"><img loading=\"lazy\" decoding=\"async\" width=\"1024\" height=\"1024\" data-id=\"419\" src=\"https:\/\/www.culturalvila-seca.cat\/esbart\/wp-content\/uploads\/sites\/9\/2025\/01\/WhatsApp-Image-2025-01-03-at-11.15.09-2-1024x1024.jpeg\" alt=\"\" class=\"wp-image-419\" srcset=\"https:\/\/www.culturalvila-seca.cat\/esbart\/wp-content\/uploads\/sites\/9\/2025\/01\/WhatsApp-Image-2025-01-03-at-11.15.09-2-1024x1024.jpeg 1024w, https:\/\/www.culturalvila-seca.cat\/esbart\/wp-content\/uploads\/sites\/9\/2025\/01\/WhatsApp-Image-2025-01-03-at-11.15.09-2-300x300.jpeg 300w, https:\/\/www.culturalvila-seca.cat\/esbart\/wp-content\/uploads\/sites\/9\/2025\/01\/WhatsApp-Image-2025-01-03-at-11.15.09-2-150x150.jpeg 150w, https:\/\/www.culturalvila-seca.cat\/esbart\/wp-content\/uploads\/sites\/9\/2025\/01\/WhatsApp-Image-2025-01-03-at-11.15.09-2-768x768.jpeg 768w, https:\/\/www.culturalvila-seca.cat\/esbart\/wp-content\/uploads\/sites\/9\/2025\/01\/WhatsApp-Image-2025-01-03-at-11.15.09-2.jpeg 1080w\" sizes=\"auto, (max-width: 1024px) 100vw, 1024px\" \/><\/figure>\n\n\n\n<figure class=\"wp-block-image size-large\"><img loading=\"lazy\" decoding=\"async\" width=\"1024\" height=\"1024\" data-id=\"420\" src=\"https:\/\/www.culturalvila-seca.cat\/esbart\/wp-content\/uploads\/sites\/9\/2025\/01\/WhatsApp-Image-2025-01-03-at-11.15.09-1-1024x1024.jpeg\" alt=\"\" class=\"wp-image-420\" srcset=\"https:\/\/www.culturalvila-seca.cat\/esbart\/wp-content\/uploads\/sites\/9\/2025\/01\/WhatsApp-Image-2025-01-03-at-11.15.09-1-1024x1024.jpeg 1024w, https:\/\/www.culturalvila-seca.cat\/esbart\/wp-content\/uploads\/sites\/9\/2025\/01\/WhatsApp-Image-2025-01-03-at-11.15.09-1-300x300.jpeg 300w, https:\/\/www.culturalvila-seca.cat\/esbart\/wp-content\/uploads\/sites\/9\/2025\/01\/WhatsApp-Image-2025-01-03-at-11.15.09-1-150x150.jpeg 150w, https:\/\/www.culturalvila-seca.cat\/esbart\/wp-content\/uploads\/sites\/9\/2025\/01\/WhatsApp-Image-2025-01-03-at-11.15.09-1-768x768.jpeg 768w, https:\/\/www.culturalvila-seca.cat\/esbart\/wp-content\/uploads\/sites\/9\/2025\/01\/WhatsApp-Image-2025-01-03-at-11.15.09-1.jpeg 1080w\" sizes=\"auto, (max-width: 1024px) 100vw, 1024px\" \/><\/figure>\n\n\n\n<figure class=\"wp-block-image size-large\"><img loading=\"lazy\" decoding=\"async\" width=\"1024\" height=\"1024\" data-id=\"421\" src=\"https:\/\/www.culturalvila-seca.cat\/esbart\/wp-content\/uploads\/sites\/9\/2025\/01\/WhatsApp-Image-2025-01-03-at-11.15.09-1024x1024.jpeg\" alt=\"\" class=\"wp-image-421\" srcset=\"https:\/\/www.culturalvila-seca.cat\/esbart\/wp-content\/uploads\/sites\/9\/2025\/01\/WhatsApp-Image-2025-01-03-at-11.15.09-1024x1024.jpeg 1024w, https:\/\/www.culturalvila-seca.cat\/esbart\/wp-content\/uploads\/sites\/9\/2025\/01\/WhatsApp-Image-2025-01-03-at-11.15.09-300x300.jpeg 300w, https:\/\/www.culturalvila-seca.cat\/esbart\/wp-content\/uploads\/sites\/9\/2025\/01\/WhatsApp-Image-2025-01-03-at-11.15.09-150x150.jpeg 150w, https:\/\/www.culturalvila-seca.cat\/esbart\/wp-content\/uploads\/sites\/9\/2025\/01\/WhatsApp-Image-2025-01-03-at-11.15.09-768x768.jpeg 768w, https:\/\/www.culturalvila-seca.cat\/esbart\/wp-content\/uploads\/sites\/9\/2025\/01\/WhatsApp-Image-2025-01-03-at-11.15.09.jpeg 1080w\" sizes=\"auto, (max-width: 1024px) 100vw, 1024px\" \/><\/figure>\n<\/figure>\n","protected":false},"featured_media":421,"template":"","class_list":["post-417","noticia","type-noticia","status-publish","has-post-thumbnail","hentry"],"acf":[],"_links":{"self":[{"href":"https:\/\/www.culturalvila-seca.cat\/esbart\/wp-json\/wp\/v2\/noticia\/417","targetHints":{"allow":["GET"]}}],"collection":[{"href":"https:\/\/www.culturalvila-seca.cat\/esbart\/wp-json\/wp\/v2\/noticia"}],"about":[{"href":"https:\/\/www.culturalvila-seca.cat\/esbart\/wp-json\/wp\/v2\/types\/noticia"}],"wp:featuredmedia":[{"embeddable":true,"href":"https:\/\/www.culturalvila-seca.cat\/esbart\/wp-json\/wp\/v2\/media\/421"}],"wp:attachment":[{"href":"https:\/\/www.culturalvila-seca.cat\/esbart\/wp-json\/wp\/v2\/media?parent=417"}],"curies":[{"name":"wp","href":"https:\/\/api.w.org\/{rel}","templated":true}]}}