{"id":159,"date":"2022-04-17T13:31:31","date_gmt":"2022-04-17T11:31:31","guid":{"rendered":"https:\/\/www.culturalvila-seca.cat\/lletres\/?post_type=noticia&#038;p=159"},"modified":"2022-04-17T13:31:32","modified_gmt":"2022-04-17T11:31:32","slug":"presentacio-de-llibre-2","status":"publish","type":"noticia","link":"https:\/\/www.culturalvila-seca.cat\/lletres\/actualitat\/presentacio-de-llibre-2\/","title":{"rendered":"Presentaci\u00f3 de llibre"},"content":{"rendered":"\n<p>El dia de Sant Jordi us esperem a la presentaci\u00f3 del llibre: &#8220;La Vila-seca desapareguda&#8221; de la Maria Estrad\u00e9 i Montserrat Garriga, amb pr\u00f2leg de David Melero, tots tres membres de la secci\u00f3 de lletres. <\/p>\n\n\n\n<figure class=\"wp-block-image size-large is-resized\"><img loading=\"lazy\" decoding=\"async\" src=\"https:\/\/www.culturalvila-seca.cat\/lletres\/wp-content\/uploads\/sites\/13\/2022\/04\/IMG-20220405-WA0047-1024x480.jpg\" alt=\"\" class=\"wp-image-160\" width=\"559\" height=\"261\" srcset=\"https:\/\/www.culturalvila-seca.cat\/lletres\/wp-content\/uploads\/sites\/13\/2022\/04\/IMG-20220405-WA0047-1024x480.jpg 1024w, https:\/\/www.culturalvila-seca.cat\/lletres\/wp-content\/uploads\/sites\/13\/2022\/04\/IMG-20220405-WA0047-300x141.jpg 300w, https:\/\/www.culturalvila-seca.cat\/lletres\/wp-content\/uploads\/sites\/13\/2022\/04\/IMG-20220405-WA0047-768x360.jpg 768w, https:\/\/www.culturalvila-seca.cat\/lletres\/wp-content\/uploads\/sites\/13\/2022\/04\/IMG-20220405-WA0047.jpg 1080w\" sizes=\"auto, (max-width: 559px) 100vw, 559px\" \/><\/figure>\n","protected":false},"featured_media":160,"template":"","class_list":["post-159","noticia","type-noticia","status-publish","has-post-thumbnail","hentry"],"acf":[],"_links":{"self":[{"href":"https:\/\/www.culturalvila-seca.cat\/lletres\/wp-json\/wp\/v2\/noticia\/159","targetHints":{"allow":["GET"]}}],"collection":[{"href":"https:\/\/www.culturalvila-seca.cat\/lletres\/wp-json\/wp\/v2\/noticia"}],"about":[{"href":"https:\/\/www.culturalvila-seca.cat\/lletres\/wp-json\/wp\/v2\/types\/noticia"}],"wp:featuredmedia":[{"embeddable":true,"href":"https:\/\/www.culturalvila-seca.cat\/lletres\/wp-json\/wp\/v2\/media\/160"}],"wp:attachment":[{"href":"https:\/\/www.culturalvila-seca.cat\/lletres\/wp-json\/wp\/v2\/media?parent=159"}],"curies":[{"name":"wp","href":"https:\/\/api.w.org\/{rel}","templated":true}]}}