{"id":206,"date":"2025-11-11T08:32:39","date_gmt":"2025-11-11T06:32:39","guid":{"rendered":"https:\/\/www.culturalvila-seca.cat\/lletres\/?post_type=noticia&#038;p=206"},"modified":"2025-11-11T08:32:41","modified_gmt":"2025-11-11T06:32:41","slug":"itinerari-historic-teatralitzat-2025","status":"publish","type":"noticia","link":"https:\/\/www.culturalvila-seca.cat\/lletres\/actualitat\/itinerari-historic-teatralitzat-2025\/","title":{"rendered":"Itinerari Hist\u00f2ric Teatralitzat 2025"},"content":{"rendered":"\n<p>El proper diumenge 16 de novembre la Secci\u00f3 de Lletres impulsa una nova edici\u00f3 de l&#8217;Itinerari Hist\u00f2ric Teatralitzat. Els textos han estat preparats per la pr\u00f2pia secci\u00f3 i s\u00f3n representats per La Tramoia. Us esperem diumenge a les 11h al Castell de Vila-seca! <\/p>\n\n\n\n<figure class=\"wp-block-image size-large\"><img loading=\"lazy\" decoding=\"async\" width=\"1024\" height=\"1024\" src=\"https:\/\/www.culturalvila-seca.cat\/lletres\/wp-content\/uploads\/sites\/13\/2025\/11\/cartellitinerari25-1024x1024.png\" alt=\"\" class=\"wp-image-207\" srcset=\"https:\/\/www.culturalvila-seca.cat\/lletres\/wp-content\/uploads\/sites\/13\/2025\/11\/cartellitinerari25-1024x1024.png 1024w, https:\/\/www.culturalvila-seca.cat\/lletres\/wp-content\/uploads\/sites\/13\/2025\/11\/cartellitinerari25-300x300.png 300w, https:\/\/www.culturalvila-seca.cat\/lletres\/wp-content\/uploads\/sites\/13\/2025\/11\/cartellitinerari25-150x150.png 150w, https:\/\/www.culturalvila-seca.cat\/lletres\/wp-content\/uploads\/sites\/13\/2025\/11\/cartellitinerari25-768x768.png 768w, https:\/\/www.culturalvila-seca.cat\/lletres\/wp-content\/uploads\/sites\/13\/2025\/11\/cartellitinerari25.png 1080w\" sizes=\"auto, (max-width: 1024px) 100vw, 1024px\" \/><\/figure>\n\n\n\n<p><\/p>\n","protected":false},"featured_media":207,"template":"","class_list":["post-206","noticia","type-noticia","status-publish","has-post-thumbnail","hentry"],"acf":[],"_links":{"self":[{"href":"https:\/\/www.culturalvila-seca.cat\/lletres\/wp-json\/wp\/v2\/noticia\/206","targetHints":{"allow":["GET"]}}],"collection":[{"href":"https:\/\/www.culturalvila-seca.cat\/lletres\/wp-json\/wp\/v2\/noticia"}],"about":[{"href":"https:\/\/www.culturalvila-seca.cat\/lletres\/wp-json\/wp\/v2\/types\/noticia"}],"wp:featuredmedia":[{"embeddable":true,"href":"https:\/\/www.culturalvila-seca.cat\/lletres\/wp-json\/wp\/v2\/media\/207"}],"wp:attachment":[{"href":"https:\/\/www.culturalvila-seca.cat\/lletres\/wp-json\/wp\/v2\/media?parent=206"}],"curies":[{"name":"wp","href":"https:\/\/api.w.org\/{rel}","templated":true}]}}