{"id":149,"date":"2023-12-29T11:29:23","date_gmt":"2023-12-29T09:29:23","guid":{"rendered":"https:\/\/www.culturalvila-seca.cat\/muntanya\/?post_type=noticia&#038;p=149"},"modified":"2023-12-29T11:29:24","modified_gmt":"2023-12-29T09:29:24","slug":"cursa-de-sant-silvestre","status":"publish","type":"noticia","link":"https:\/\/www.culturalvila-seca.cat\/muntanya\/actualitat\/cursa-de-sant-silvestre\/","title":{"rendered":"Cursa de Sant Silvestre"},"content":{"rendered":"\n<p>Dem\u00e0 30 de desembre la secci\u00f3 de muntanya i diverses entitats esportives de Vila-seca organitzem la cursa solid\u00e0ria de Sant Silvestre en format caminadors i corredors. <\/p>\n\n\n\n<figure class=\"wp-block-image size-full\"><img loading=\"lazy\" decoding=\"async\" width=\"724\" height=\"1024\" src=\"https:\/\/www.culturalvila-seca.cat\/muntanya\/wp-content\/uploads\/sites\/14\/2023\/12\/IMG-20231229-WA0001.jpg\" alt=\"\" class=\"wp-image-150\" srcset=\"https:\/\/www.culturalvila-seca.cat\/muntanya\/wp-content\/uploads\/sites\/14\/2023\/12\/IMG-20231229-WA0001.jpg 724w, https:\/\/www.culturalvila-seca.cat\/muntanya\/wp-content\/uploads\/sites\/14\/2023\/12\/IMG-20231229-WA0001-212x300.jpg 212w\" sizes=\"auto, (max-width: 724px) 100vw, 724px\" \/><\/figure>\n","protected":false},"featured_media":150,"template":"","class_list":["post-149","noticia","type-noticia","status-publish","has-post-thumbnail","hentry"],"acf":[],"_links":{"self":[{"href":"https:\/\/www.culturalvila-seca.cat\/muntanya\/wp-json\/wp\/v2\/noticia\/149","targetHints":{"allow":["GET"]}}],"collection":[{"href":"https:\/\/www.culturalvila-seca.cat\/muntanya\/wp-json\/wp\/v2\/noticia"}],"about":[{"href":"https:\/\/www.culturalvila-seca.cat\/muntanya\/wp-json\/wp\/v2\/types\/noticia"}],"wp:featuredmedia":[{"embeddable":true,"href":"https:\/\/www.culturalvila-seca.cat\/muntanya\/wp-json\/wp\/v2\/media\/150"}],"wp:attachment":[{"href":"https:\/\/www.culturalvila-seca.cat\/muntanya\/wp-json\/wp\/v2\/media?parent=149"}],"curies":[{"name":"wp","href":"https:\/\/api.w.org\/{rel}","templated":true}]}}