{"id":198,"date":"2025-06-04T14:25:49","date_gmt":"2025-06-04T12:25:49","guid":{"rendered":"https:\/\/www.culturalvila-seca.cat\/novaunio\/?post_type=noticia&#038;p=198"},"modified":"2025-06-04T14:25:50","modified_gmt":"2025-06-04T12:25:50","slug":"la-coral-nova-unio-actua-a-tarragona","status":"publish","type":"noticia","link":"https:\/\/www.culturalvila-seca.cat\/novaunio\/actualitat\/la-coral-nova-unio-actua-a-tarragona\/","title":{"rendered":"La Coral Nova Uni\u00f3 actua a Tarragona"},"content":{"rendered":"\n<p>El proper 22 de juny la Coral Nova Uni\u00f3 presentar\u00e0 el seu espectacle &#8220;Un bri de llum&#8221; a l&#8217;Auditori de la Diputaci\u00f3 de Tarragona.<\/p>\n\n\n\n<figure class=\"wp-block-image size-large\"><img loading=\"lazy\" decoding=\"async\" width=\"724\" height=\"1024\" src=\"https:\/\/www.culturalvila-seca.cat\/novaunio\/wp-content\/uploads\/sites\/8\/2025\/06\/WhatsApp-Image-2025-05-31-at-20.40.03-724x1024.jpeg\" alt=\"\" class=\"wp-image-200\" srcset=\"https:\/\/www.culturalvila-seca.cat\/novaunio\/wp-content\/uploads\/sites\/8\/2025\/06\/WhatsApp-Image-2025-05-31-at-20.40.03-724x1024.jpeg 724w, https:\/\/www.culturalvila-seca.cat\/novaunio\/wp-content\/uploads\/sites\/8\/2025\/06\/WhatsApp-Image-2025-05-31-at-20.40.03-212x300.jpeg 212w, https:\/\/www.culturalvila-seca.cat\/novaunio\/wp-content\/uploads\/sites\/8\/2025\/06\/WhatsApp-Image-2025-05-31-at-20.40.03-768x1086.jpeg 768w, https:\/\/www.culturalvila-seca.cat\/novaunio\/wp-content\/uploads\/sites\/8\/2025\/06\/WhatsApp-Image-2025-05-31-at-20.40.03-1086x1536.jpeg 1086w, https:\/\/www.culturalvila-seca.cat\/novaunio\/wp-content\/uploads\/sites\/8\/2025\/06\/WhatsApp-Image-2025-05-31-at-20.40.03.jpeg 1131w\" sizes=\"auto, (max-width: 724px) 100vw, 724px\" \/><\/figure>\n","protected":false},"featured_media":0,"template":"","class_list":["post-198","noticia","type-noticia","status-publish","hentry"],"acf":[],"_links":{"self":[{"href":"https:\/\/www.culturalvila-seca.cat\/novaunio\/wp-json\/wp\/v2\/noticia\/198","targetHints":{"allow":["GET"]}}],"collection":[{"href":"https:\/\/www.culturalvila-seca.cat\/novaunio\/wp-json\/wp\/v2\/noticia"}],"about":[{"href":"https:\/\/www.culturalvila-seca.cat\/novaunio\/wp-json\/wp\/v2\/types\/noticia"}],"wp:attachment":[{"href":"https:\/\/www.culturalvila-seca.cat\/novaunio\/wp-json\/wp\/v2\/media?parent=198"}],"curies":[{"name":"wp","href":"https:\/\/api.w.org\/{rel}","templated":true}]}}